{"id":261,"date":"2016-12-06T14:01:46","date_gmt":"2016-12-06T13:01:46","guid":{"rendered":"http:\/\/lib.aua-toulouse.org\/BelvedeRPlus\/?p=261"},"modified":"2018-02-07T11:46:57","modified_gmt":"2018-02-07T10:46:57","slug":"editorial","status":"publish","type":"post","link":"https:\/\/revue-belveder.org\/index.php\/editorial\/","title":{"rendered":"\u00c9ditorial N\u00b00"},"content":{"rendered":"<p><a href=\"..\/..\/wp-content\/uploads\/PDF\/N0\/edito_BelvedeR_n0.pdf\" target=\"_blank\" rel=\"noopener\">T\u00e9l\u00e9chargez l&#8217;article au format PDF<\/a><\/p>\n<p><em><strong>Concourir \u00e0 la r\u00e9flexion urbaine et contribuer \u00e0 sa diffusion<\/strong> au plus grand nombre est au c\u0153ur des missions d\u2019une agence d\u2019urbanisme. L\u2019aua\/T, qui multiplie les initiatives depuis plusieurs ann\u00e9es, s\u2019y engage aujourd\u2019hui autour d\u2019une revue collaborative.<\/em><\/p>\n<p><strong>Belvede\u042f<\/strong> <em>comme une volont\u00e9 de donner la parole pour prendre de la hauteur&#8230; Non pas pour se distancier des r\u00e9alit\u00e9s urbaines, mais bien pour ouvrir un champ de vision et appr\u00e9hender de mani\u00e8re plus juste la complexit\u00e9 de ce qui se joue sous nos yeux.<\/em><\/p>\n<p><strong>Belvede\u042f<\/strong> <em>avec vue sur la Garonne, comme un clin d\u2019\u0153il \u00e0 un rep\u00e8re du paysage toulousain, dont la revue souhaite faire son embl\u00e8me. Celui d\u2019une acculturation urbaine pr\u00e9sente de longue date sur notre territoire, un creuset fond\u00e9 sur la synergie entre les professionnels de la ville, les universitaires et les chercheurs qui trouveront autour de cette revue, nous l\u2019esp\u00e9rons, un espace d\u2019expression et de points de vue crois\u00e9s. L\u2019ambition aujourd\u2019hui est de donner \u00e0 lire, \u00e0 voir aussi la diversit\u00e9 des analyses, des id\u00e9es, des regards, ceux des experts, des praticiens, des habitants. C\u2019est le souhait de s\u2019ouvrir \u00e0 un lectorat plus large, \u00e0 toutes celles et ceux qui s\u2019int\u00e9ressent \u00e0 la ville et \u00e0 l\u2019urbain, les \u00e9lus, les acteurs de la ville, les citoyens. Des citoyens qui expriment un int\u00e9r\u00eat croissant pour leurs espaces de vie, pour la ville, leur ville, et qui cherchent \u00e0 en saisir les enjeux, les m\u00e9canismes, souvent pour s\u2019y investir davantage. Ainsi, au fil des num\u00e9ros, il s\u2019agira de donner des cl\u00e9s de compr\u00e9hension des r\u00e9alit\u00e9s urbaines\u00a0: le num\u00e9rique et la ville, les risques climatiques, environnementaux, les coulisses de la ville, les ressources urbaines insoup\u00e7onn\u00e9es\u2026 Comment habite-t-on une m\u00e9tropole, avec quelles \u00ab\u2009accroches\u2009\u00bb patrimoniales, sociales, identitaires, communautaires\u2009? Des sujets, nombreux, qui feront \u00e9cho \u00e0 ce qui se joue aujourd\u2019hui dans l\u2019aire m\u00e9tropolitaine toulousaine, mais pas seulement, nous irons \u00e9galement \u00ab\u2009voir ailleurs\u2009\u00bb, observer, comparer, nous r\u00e9jouir, apprendre\u2026<\/em><\/p>\n<p><em><strong>Un num\u00e9ro z\u00e9ro qui voit grand<\/strong><\/em><\/p>\n<p><em>Fait m\u00e9tropolitain, m\u00e9tropolisation\u2026 mais qui sont les \u00ab\u2009m\u00e9tropolitains\u2009\u00bb, quelles r\u00e9alit\u00e9s recouvrent ces termes\u2009? Un territoire g\u00e9ographique, un espace v\u00e9cu au quotidien, un type de gouvernance\u2009? D\u00e9sormais \u00ab\u2009m\u00e9tropolis\u00e9\u2009\u00bb, le fait urbain prend aujourd\u2019hui de nouvelles dimensions. Au-del\u00e0 des facteurs spatiaux et d\u00e9mographiques, il s\u2019agit d\u2019une dynamique \u00e9conomique, politique, sociale\u00a0: l\u2019espace m\u00e9tropolitain est un lieu d\u2019intensit\u00e9 et d\u2019\u00e9changes o\u00f9 se profilent de nouveaux fonctionnements en r\u00e9seaux. L\u2019ambition de ce premier num\u00e9ro est d\u2019\u00e9clairer cette notion\u00a0: des praticiens, des chercheurs, des habitants, des associatifs nous donnent \u00e0 voir des r\u00e9alit\u00e9s v\u00e9cues et questionnent la viabilit\u00e9, l\u2019adaptabilit\u00e9 de la m\u00e9tropole, mais aussi son habitabilit\u00e9, sa solidarit\u00e9, son pouvoir cr\u00e9atif, son fonctionnement. De nos territoires locaux aux m\u00e9gapoles mondiales, ces auteurs nous invitent \u00e0 \u00e9largir nos horizons et \u00e0 prendre de la hauteur pour nous projeter dans un avenir r\u00e9solument m\u00e9tropolitain.<\/em><\/p>\n<p style=\"text-align: right;\"><em><strong>Jean-Marc Mesquida<\/strong><\/em><br \/>\n<span style=\"font-size: 14px;\"><em> Directeur g\u00e9n\u00e9ral de l\u2019<strong>aua<\/strong><span style=\"color: #ff0000;\">\/<\/span><strong>T<\/strong><\/em><\/span><\/p>\n<p>&nbsp;<\/p>\n<hr \/>\n<p><strong>Belvede\u042f<\/strong> la revue collaborative\u00a0de l\u2019<strong>aua<\/strong><span style=\"color: #ff0000;\">\/<\/span><strong>T<\/strong>oulouse aire m\u00e9tropolitaine<br \/>\n<strong>Directeur de la publication\u00a0:<\/strong> Jean-Marc Mesquida<br \/>\n<strong>Secr\u00e9tariat de r\u00e9daction<\/strong>\u00a0: Florence Mizzi, Sylvie Bugueret, Morgane Perset<br \/>\n<strong>Conception graphique<\/strong>\u00a0: Fr\u00e9d\u00e9ric Bastier, Christophe Hahusseau<br \/>\n<img loading=\"lazy\" class=\"alignnone wp-image-492\" src=\"..\/..\/wp-content\/uploads\/2017\/11\/AUAT-court-positif.jpg\" alt=\"\" width=\"161\" height=\"67\" srcset=\"https:\/\/revue-belveder.org\/wp-content\/uploads\/2017\/11\/AUAT-court-positif.jpg 709w, https:\/\/revue-belveder.org\/wp-content\/uploads\/2017\/11\/AUAT-court-positif-300x125.jpg 300w, https:\/\/revue-belveder.org\/wp-content\/uploads\/2017\/11\/AUAT-court-positif-500x208.jpg 500w\" sizes=\"(max-width: 161px) 100vw, 161px\" \/><br \/>\n<strong>Agence d\u2019urbanisme et d\u2019am\u00e9nagement Toulouse aire m\u00e9tropolitaine<\/strong><br \/>\nLe Belv\u00e9d\u00e8re \u2014 11 bd des R\u00e9collets<br \/>\nCS\u00a097802 \u201431078 Toulouse cedex\u00a04<br \/>\nT\u00e9l. 05\u00a062\u00a026\u00a086\u00a026 &#8211; www.aua-toulouse.org<br \/>\n\u00a9 <strong>aua<\/strong><span style=\"color: #ff0000;\">\/<\/span><strong>T<\/strong> 2017<\/p>\n<p>&nbsp;<\/p>\n<p><em>Photo mise en avant\u00a0: \u00a9 D. Dupuis<\/em><\/p>\n","protected":false},"excerpt":{"rendered":"<p>Concourir \u00e0 la r\u00e9flexion urbaine et contribuer \u00e0 sa diffusion au plus grand nombre est au c\u0153ur des missions d\u2019une agence d\u2019urbanisme. L\u2019aua\/T, qui multiplie les initiatives depuis plusieurs ann\u00e9es, s\u2019y engage aujourd\u2019hui autour d\u2019une revue collaborative.<\/p>\n","protected":false},"author":3,"featured_media":262,"comment_status":"closed","ping_status":"open","sticky":false,"template":"","format":"standard","meta":[],"categories":[3],"tags":[6],"authors":[{"term_id":82,"user_id":0,"is_guest":1,"slug":"auat","display_name":"AUAT"}],"_links":{"self":[{"href":"https:\/\/revue-belveder.org\/index.php\/wp-json\/wp\/v2\/posts\/261"}],"collection":[{"href":"https:\/\/revue-belveder.org\/index.php\/wp-json\/wp\/v2\/posts"}],"about":[{"href":"https:\/\/revue-belveder.org\/index.php\/wp-json\/wp\/v2\/types\/post"}],"author":[{"embeddable":true,"href":"https:\/\/revue-belveder.org\/index.php\/wp-json\/wp\/v2\/users\/3"}],"replies":[{"embeddable":true,"href":"https:\/\/revue-belveder.org\/index.php\/wp-json\/wp\/v2\/comments?post=261"}],"version-history":[{"count":20,"href":"https:\/\/revue-belveder.org\/index.php\/wp-json\/wp\/v2\/posts\/261\/revisions"}],"predecessor-version":[{"id":1473,"href":"https:\/\/revue-belveder.org\/index.php\/wp-json\/wp\/v2\/posts\/261\/revisions\/1473"}],"wp:featuredmedia":[{"embeddable":true,"href":"https:\/\/revue-belveder.org\/index.php\/wp-json\/wp\/v2\/media\/262"}],"wp:attachment":[{"href":"https:\/\/revue-belveder.org\/index.php\/wp-json\/wp\/v2\/media?parent=261"}],"wp:term":[{"taxonomy":"category","embeddable":true,"href":"https:\/\/revue-belveder.org\/index.php\/wp-json\/wp\/v2\/categories?post=261"},{"taxonomy":"post_tag","embeddable":true,"href":"https:\/\/revue-belveder.org\/index.php\/wp-json\/wp\/v2\/tags?post=261"}],"curies":[{"name":"wp","href":"https:\/\/api.w.org\/{rel}","templated":true}]}}