{"id":2900,"date":"2019-07-31T16:17:34","date_gmt":"2019-07-31T14:17:34","guid":{"rendered":"https:\/\/revue-belveder.org\/?p=2900"},"modified":"2019-09-03T15:58:41","modified_gmt":"2019-09-03T13:58:41","slug":"la-planification-territoriale-royaume-des-acronymes","status":"publish","type":"post","link":"https:\/\/revue-belveder.org\/index.php\/la-planification-territoriale-royaume-des-acronymes\/","title":{"rendered":"La planification territoriale, royaume des acronymes"},"content":{"rendered":"<h5 style=\"text-align: left;\"><strong>Les documents d\u2019urbanisme <\/strong><\/h5>\n<ul>\n<li style=\"text-align: left;\">OAP : Orientations d\u2019Am\u00e9nagement et de Programmation<\/li>\n<li style=\"text-align: left;\">PADD : Plan d\u2019Am\u00e9nagement et de D\u00e9veloppement Durable<\/li>\n<li style=\"text-align: left;\">PCAET ou PCET : Plan Climat (Air) \u00c9nergie Territoriale<\/li>\n<li style=\"text-align: left;\">PDU : Plan de D\u00e9placements Urbains<\/li>\n<li style=\"text-align: left;\">PLH : Programme Local de l\u2019Habitat<\/li>\n<li style=\"text-align: left;\">PLU : Plan Local d\u2019Urbanisme<\/li>\n<li style=\"text-align: left;\">PLUi : Plan Local d\u2019Urbanisme intercommunal<\/li>\n<li style=\"text-align: left;\">PLUi-H : Plan Local d\u2019Urbanisme \u2013 valant PLH<\/li>\n<li style=\"text-align: left;\">PLUi-D : Plan Local d\u2019Urbanisme \u2013 valant PDU<\/li>\n<li style=\"text-align: left;\">POS : Plan d\u2019Occupation des Sols (remplac\u00e9 par les PLU)<\/li>\n<li style=\"text-align: left;\">PPA : Plan de Protection de l\u2019Atmosph\u00e8re<\/li>\n<li style=\"text-align: left;\">PPRI : Plan de Pr\u00e9vention du Risque Inondation<\/li>\n<li style=\"text-align: left;\">SCoT : Sch\u00e9ma de Coh\u00e9rence Territoriale<\/li>\n<li style=\"text-align: left;\">SDAU : Sch\u00e9ma Directeur d\u2019Am\u00e9nagement et d\u2019Urbanisme (remplac\u00e9 par les SCoT)<\/li>\n<li style=\"text-align: left;\">SRADDET : Sch\u00e9ma R\u00e9gional d\u2018Am\u00e9nagement, de D\u00e9veloppement Durable et d\u2019\u00c9galit\u00e9 des Territoires<\/li>\n<li style=\"text-align: left;\">SRCAE : Sch\u00e9ma R\u00e9gional Climat Air \u00c9nergie<\/li>\n<\/ul>\n<h5 style=\"text-align: left;\"><strong>La qualification des zones<br \/>\n<\/strong><\/h5>\n<ul>\n<li style=\"text-align: left;\">ZAC : Zone d\u2019Am\u00e9nagement Concert\u00e9<\/li>\n<li style=\"text-align: left;\">ZAD : Zone d\u2019Am\u00e9nagement Diff\u00e9r\u00e9 (acronyme d\u00e9tourn\u00e9 dans le cadre de contestations : Zone \u00e0 D\u00e9fendre)<\/li>\n<li style=\"text-align: left;\">ZAPA : Zone d\u2019Action Prioritaire pour l\u2019Air<\/li>\n<li style=\"text-align: left;\">ZUP : Zone \u00e0 Urbaniser en Priorit\u00e9<\/li>\n<\/ul>\n<h5 style=\"text-align: left;\"><strong>Les acteurs du territoire <\/strong><\/h5>\n<ul>\n<li style=\"text-align: left;\">ADEME : Agence de l\u2019Environnement et de la Ma\u00eetrise de l\u2019\u00c9nergie<\/li>\n<li style=\"text-align: left;\">ANRU : Agence Nationale de Renouvellement Urbain<\/li>\n<li style=\"text-align: left;\">BE : Bureau d\u2019\u00e9tudes<\/li>\n<li style=\"text-align: left;\">CA : Communaut\u00e9 d\u2019Agglom\u00e9ration<\/li>\n<li style=\"text-align: left;\">DATAR : D\u00e9l\u00e9gation Interminist\u00e9rielle \u00e0 l\u2019Am\u00e9nagement du Territoire et \u00e0 l\u2019Attractivit\u00e9 R\u00e9gionale<\/li>\n<li style=\"text-align: left;\">EPCI : \u00c9tablissement Public de Coop\u00e9ration Intercommunale<\/li>\n<li style=\"text-align: left;\">MOA : Ma\u00eetrise d\u2019Ouvrage<\/li>\n<li style=\"text-align: left;\">SEM : Soci\u00e9t\u00e9 d\u2019\u00c9conomie Mixte<\/li>\n<li style=\"text-align: left;\">SIVOM : Syndicat Intercommunal \u00e0 Vocations Multiples<\/li>\n<\/ul>\n<h5 style=\"text-align: left;\"><strong>Les lois <\/strong><\/h5>\n<ul>\n<li style=\"text-align: left;\">ALUR (n\u00b020104-366 du 24 mars 2014) : Acc\u00e8s au Logement et Urbanisme R\u00e9nov\u00e9<\/li>\n<li style=\"text-align: left;\">ELAN (n\u00b02018-1021 du 23 novembre 2018) : \u00c9volution du Logement, de l\u2019Am\u00e9nagement et du Num\u00e9rique<\/li>\n<li style=\"text-align: left;\">ENE (n\u00b02010-788 du 12 juillet\u202f2010)\u202f: Engagement National pour l\u2019Environnement<\/li>\n<li style=\"text-align: left;\">LAURE (n\u00b096-1236 du 30\u202fd\u00e9cembre 1996)\u202f: Air et Utilisation Rationnelle de l\u2019\u00c9nergie<\/li>\n<li style=\"text-align: left;\">NOTRe (n\u00b02015-991 du 7 ao\u00fbt\u202f2015)\u00a0: Nouvelle Organisation Territoriale de la R\u00e9publique<\/li>\n<li style=\"text-align: left;\">SRU (n\u00b02000-1208 du 13\u202fd\u00e9cembre 2000)\u202f: Solidarit\u00e9 et Renouvellement Urbains<\/li>\n<li style=\"text-align: left;\">TECV (n\u00b02015-992 du 17 ao\u00fbt\u202f2015)\u202f: Transition \u00c9nerg\u00e9tique pour la Croissance Verte<\/li>\n<\/ul>\n<p style=\"text-align: left;\"><em>\u00a0<\/em><\/p>\n","protected":false},"excerpt":{"rendered":"<p>Liste non exhaustive des acronymes utilis\u00e9s dans les articles du num\u00e9ro 5 de Belvede\u042f.<\/p>\n","protected":false},"author":3,"featured_media":2901,"comment_status":"closed","ping_status":"open","sticky":false,"template":"","format":"standard","meta":[],"categories":[35],"tags":[],"authors":[{"term_id":82,"user_id":0,"is_guest":1,"slug":"auat","display_name":"AUAT"}],"_links":{"self":[{"href":"https:\/\/revue-belveder.org\/index.php\/wp-json\/wp\/v2\/posts\/2900"}],"collection":[{"href":"https:\/\/revue-belveder.org\/index.php\/wp-json\/wp\/v2\/posts"}],"about":[{"href":"https:\/\/revue-belveder.org\/index.php\/wp-json\/wp\/v2\/types\/post"}],"author":[{"embeddable":true,"href":"https:\/\/revue-belveder.org\/index.php\/wp-json\/wp\/v2\/users\/3"}],"replies":[{"embeddable":true,"href":"https:\/\/revue-belveder.org\/index.php\/wp-json\/wp\/v2\/comments?post=2900"}],"version-history":[{"count":6,"href":"https:\/\/revue-belveder.org\/index.php\/wp-json\/wp\/v2\/posts\/2900\/revisions"}],"predecessor-version":[{"id":3154,"href":"https:\/\/revue-belveder.org\/index.php\/wp-json\/wp\/v2\/posts\/2900\/revisions\/3154"}],"wp:featuredmedia":[{"embeddable":true,"href":"https:\/\/revue-belveder.org\/index.php\/wp-json\/wp\/v2\/media\/2901"}],"wp:attachment":[{"href":"https:\/\/revue-belveder.org\/index.php\/wp-json\/wp\/v2\/media?parent=2900"}],"wp:term":[{"taxonomy":"category","embeddable":true,"href":"https:\/\/revue-belveder.org\/index.php\/wp-json\/wp\/v2\/categories?post=2900"},{"taxonomy":"post_tag","embeddable":true,"href":"https:\/\/revue-belveder.org\/index.php\/wp-json\/wp\/v2\/tags?post=2900"}],"curies":[{"name":"wp","href":"https:\/\/api.w.org\/{rel}","templated":true}]}}