{"id":3450,"date":"2020-09-21T09:00:52","date_gmt":"2020-09-21T07:00:52","guid":{"rendered":"https:\/\/revue-belveder.org\/?p=3450"},"modified":"2020-09-21T09:48:46","modified_gmt":"2020-09-21T07:48:46","slug":"editorial-n7","status":"publish","type":"post","link":"https:\/\/revue-belveder.org\/index.php\/editorial-n7\/","title":{"rendered":"Editorial n\u00b07"},"content":{"rendered":"<p>La rue, objet urbain sans cesse r\u00e9invent\u00e9. Tant\u00f4t gomm\u00e9e par les tenants de la pens\u00e9e fonctionnaliste, \u00e9rig\u00e9e comme espace du vivre-ensemble par excellence par d\u2019autres, angle mort de l\u2019urbanisme de ZAC lui pr\u00e9f\u00e9rant l\u2019espace public, nouvel actif strat\u00e9gique des g\u00e9ants du num\u00e9rique\u2026 la rue est de tout temps au c\u0153ur des questions urbaines\u2026 Qui aurait pr\u00e9dit son nouveau retour sur le devant la sc\u00e8ne urbaine \u00e0 l\u2019occasion d\u2019une pand\u00e9mie\u00a0?<\/p>\n<p>La rue, un graal en p\u00e9riode de confinement qui nous a donn\u00e9 l\u2019occasion non plus seulement de la traverser mais de l\u2019occuper\u2026 pour une heure seulement. La rue vide, autre image symbolique en l\u2019absence de circulation. Un vide soulignant l\u2019emprise fonci\u00e8re des rues et la large place d\u00e9di\u00e9e \u00e0 l\u2019automobile. Le pi\u00e9ton et le cycliste y ont gagn\u00e9 du terrain et la rue est devenue espace de loisirs, de sociabilit\u00e9, un espace de nature m\u00eame dans les rues v\u00e9g\u00e9talis\u00e9es, un \u00ab\u00a0ailleurs\u00a0\u00bb pour une pr\u00e9cieuse heure quotidienne. La rue s\u2019est alors r\u00e9v\u00e9l\u00e9e d\u00e9sirable comme espace de semi-libert\u00e9. Elle a aussi pu \u00eatre v\u00e9cue comme espace de contr\u00f4le (de nos attestations de sortie et du port du masque aujourd\u2019hui), voire de peur (des autres, des interactions, de la contamination). V\u00e9g\u00e9talis\u00e9e, partag\u00e9e, apais\u00e9e\u2026 notre regard sur la rue a chang\u00e9 et avec lui nos usages \u00e0 l\u2019image des \u00ab\u00a0coronapistes\u00a0\u00bb, des terrasses de caf\u00e9 gagn\u00e9es sur les stationnements, mais aussi des files d\u2019attente espac\u00e9es devant les commerces. La rue \u00e0 nouveau r\u00e9invent\u00e9e est au c\u0153ur des questions d\u2019urbanisme depuis quelques mois.<\/p>\n<p>Autant de raisons de parcourir la rue avec vous le temps d\u2019un num\u00e9ro de Belvede\u042f.<\/p>\n","protected":false},"excerpt":{"rendered":"<p>La rue, objet urbain sans cesse r\u00e9invent\u00e9. Tant\u00f4t gomm\u00e9e par les tenants de la pens\u00e9e fonctionnaliste, \u00e9rig\u00e9e comme espace du vivre-ensemble par excellence par d\u2019autres, angle mort de l\u2019urbanisme de ZAC lui pr\u00e9f\u00e9rant l\u2019espace public, nouvel actif strat\u00e9gique des g\u00e9ants du num\u00e9rique\u2026 la rue est de tout temps au c\u0153ur des questions urbaines\u2026 Qui aurait pr\u00e9dit son nouveau retour sur le devant la sc\u00e8ne urbaine \u00e0 l\u2019occasion d\u2019une pand\u00e9mie\u00a0?<\/p>\n","protected":false},"author":3,"featured_media":3452,"comment_status":"closed","ping_status":"open","sticky":false,"template":"","format":"standard","meta":[],"categories":[47],"tags":[6],"authors":[{"term_id":82,"user_id":0,"is_guest":1,"slug":"auat","display_name":"AUAT"}],"_links":{"self":[{"href":"https:\/\/revue-belveder.org\/index.php\/wp-json\/wp\/v2\/posts\/3450"}],"collection":[{"href":"https:\/\/revue-belveder.org\/index.php\/wp-json\/wp\/v2\/posts"}],"about":[{"href":"https:\/\/revue-belveder.org\/index.php\/wp-json\/wp\/v2\/types\/post"}],"author":[{"embeddable":true,"href":"https:\/\/revue-belveder.org\/index.php\/wp-json\/wp\/v2\/users\/3"}],"replies":[{"embeddable":true,"href":"https:\/\/revue-belveder.org\/index.php\/wp-json\/wp\/v2\/comments?post=3450"}],"version-history":[{"count":2,"href":"https:\/\/revue-belveder.org\/index.php\/wp-json\/wp\/v2\/posts\/3450\/revisions"}],"predecessor-version":[{"id":3454,"href":"https:\/\/revue-belveder.org\/index.php\/wp-json\/wp\/v2\/posts\/3450\/revisions\/3454"}],"wp:featuredmedia":[{"embeddable":true,"href":"https:\/\/revue-belveder.org\/index.php\/wp-json\/wp\/v2\/media\/3452"}],"wp:attachment":[{"href":"https:\/\/revue-belveder.org\/index.php\/wp-json\/wp\/v2\/media?parent=3450"}],"wp:term":[{"taxonomy":"category","embeddable":true,"href":"https:\/\/revue-belveder.org\/index.php\/wp-json\/wp\/v2\/categories?post=3450"},{"taxonomy":"post_tag","embeddable":true,"href":"https:\/\/revue-belveder.org\/index.php\/wp-json\/wp\/v2\/tags?post=3450"}],"curies":[{"name":"wp","href":"https:\/\/api.w.org\/{rel}","templated":true}]}}