{"id":447,"date":"2016-12-06T18:00:40","date_gmt":"2016-12-06T17:00:40","guid":{"rendered":"http:\/\/lib.aua-toulouse.org\/BelvedeRPlus\/?p=447"},"modified":"2019-02-04T11:24:03","modified_gmt":"2019-02-04T10:24:03","slug":"contributions-0","status":"publish","type":"post","link":"https:\/\/revue-belveder.org\/index.php\/contributions-0\/","title":{"rendered":"Contributeurs N\u00b00"},"content":{"rendered":"<ul>\n<li><strong>Florent BERAULT<\/strong><br \/>\nCharg\u00e9 de projet et coordonnateur de la Plate-forme AAPRISS<\/li>\n<li><strong>Philippe DUGOT<\/strong><br \/>\nMa\u00eetre de conf\u00e9rences en G\u00e9ographie \u2014 HDR, membre du LISST &#8211; CIEU, Universit\u00e9 Toulouse\u00a0II &#8211; Jean Jaur\u00e8s<\/li>\n<li>F<strong>r\u00e9d\u00e9ric DURAND<\/strong><br \/>\nProfesseur au d\u00e9partement de G\u00e9ographie, membre du LISST &#8211; UMR 5193 Universit\u00e9 Toulouse\u00a0II &#8211; Jean Jaur\u00e8s<\/li>\n<li><strong>Fabrice ESCAFFRE<\/strong><br \/>\nMa\u00eetre de conf\u00e9rences en Am\u00e9nagement et Urbanisme, membre du LISST &#8211; CIEU Universit\u00e9 Toulouse\u00a0II &#8211; Jean Jaur\u00e8s<\/li>\n<li><strong>Emmanuel EVENO<\/strong><br \/>\nProfesseur des universit\u00e9s en g\u00e9ographie, Directeur du LISST &#8211; CIEU Universit\u00e9 Toulouse\u00a0II &#8211; Jean Jaur\u00e8s<\/li>\n<li><strong>Cristina GARCEZ<\/strong><br \/>\nArchitecte, urbaniste de l\u2019\u00c9tat en Chef, Directrice de la prospective et des projets \u00c9tablissement Public Foncier Languedoc-Roussillon<\/li>\n<li><strong>Sinda HAOUES-JOUVE<\/strong><br \/>\nMa\u00eetre de conf\u00e9rences en Urbanisme et Am\u00e9nagement, membre du LISST &#8211; CIEU Universit\u00e9 Toulouse\u00a0II &#8211; Jean Jaur\u00e8s<\/li>\n<li><strong>Julia HIDALGO<\/strong><br \/>\nCharg\u00e9e de recherches en climatologie urbaine au CNRS, membre du LISST &#8211; CIEU Universit\u00e9 Toulouse\u00a0II &#8211; Jean Jaur\u00e8s<\/li>\n<li><strong>Marie-Christine JAILLET<\/strong><br \/>\nDirectrice de recherche au CNRS, membre du LISST &#8211; CIEU Universit\u00e9 Toulouse\u00a0II &#8211; Jean Jaur\u00e8s<\/li>\n<li><strong>Jean-Paul LABORIE<\/strong><br \/>\nProfesseur \u00e9m\u00e9rite, membre du LISST &#8211; CIEU Universit\u00e9 Toulouse\u00a0II &#8211; Jean Jaur\u00e8s<\/li>\n<li><strong>Robert MARCONIS<\/strong><br \/>\nProfesseur \u00e9m\u00e9rite, membre du LISST &#8211; CIEU Universit\u00e9 Toulouse\u00a0II &#8211; Jean Jaur\u00e8s<\/li>\n<li><strong>Serge MATTHIEU<\/strong><br \/>\nRetrait\u00e9<\/li>\n<li><strong>Laura PARVU<\/strong> Doctorante-Charg\u00e9e d\u2019enseignement, membre du LASSP Sciences Po Toulouse<\/li>\n<li><strong>Anne P\u00c9R\u00c9<\/strong><br \/>\nArchitecte Urbaniste, Ma\u00eetre assistante en Ville et Territoire, membre du LRA \u00c9cole Nationale Sup\u00e9rieure d\u2019Architecture de Toulouse<\/li>\n<li><strong>Bruno REVELLI<\/strong><br \/>\nDoctorant au LISST &#8211; CIEU Universit\u00e9 Toulouse\u00a0II &#8211; Jean Jaur\u00e8s<\/li>\n<li><strong>Mariette SIBERTIN-BLANC<\/strong><br \/>\nMa\u00eetre de conf\u00e9rences en Am\u00e9nagement et Urbanisme, membre du LISST &#8211; CIEU Universit\u00e9 Toulouse\u00a0II &#8211; Jean Jaur\u00e8s<\/li>\n<li><strong>M\u00e9lanie VILLEVAL<\/strong><br \/>\nIng\u00e9nieure de recherche en Sant\u00e9 Publique, membre du LEASP \u2014 UMR\u00a01027<\/li>\n<\/ul>\n<p>&nbsp;<\/p>\n<ul>\n<li><strong>APRISS<\/strong>\u00a0: Plateforme Apprendre et Agir Pour R\u00e9duire les In\u00e9galit\u00e9s Sociales de Sant\u00e9<\/li>\n<li><strong>IFERISS<\/strong>\u00a0: Institut F\u00e9d\u00e9ratif d\u2019\u00c9tudes et de Recherches Interdisciplinaires Sant\u00e9 et Soci\u00e9t\u00e9<\/li>\n<li><strong>LASSP<\/strong>\u00a0: Laboratoire des Sciences Sociales du Politique<\/li>\n<li><strong>LEASP -UMR 1027<\/strong>\u00a0: Laboratoire d\u2019Epid\u00e9miologie et Analyses en Sant\u00e9 Publique\u00a0: risques, maladies chroniques et handicaps \u2014 Unit\u00e9 mixte de recherche\u00a01027<\/li>\n<li><strong>LISST \u2014CIEU<\/strong>\u00a0: Laboratoire Interdisciplinaire Solidarit\u00e9s, Soci\u00e9t\u00e9s, Territoires \u2014 Centre interdisciplinaire d\u2019\u00e9tudes urbaines<\/li>\n<li><strong>LISST \u2014 UMR<\/strong>\u00a0: Laboratoire Interdisciplinaire Solidarit\u00e9s, Soci\u00e9t\u00e9s, Territoires \u2014 Unit\u00e9 Mixte de Recherche\u00a05193<\/li>\n<li><strong>LRA<\/strong>\u00a0: Laboratoire de Recherche en Architecture<\/li>\n<\/ul>\n<p>&nbsp;<\/p>\n<p><strong>aua\/T<\/strong>\u00a0: <em>Sylvain ALASSET, Vincent ANCE, Marie BONNIFET, Genevi\u00e8ve BRETAGNE, Yann CABROL, J\u00e9r\u00f4me IONESCO, M\u00e9lanie LE BAS, Florence MIZZI, Morgane PERSET, Yoan THYSSIER, Fr\u00e9d\u00e9ric TOUPIN<\/em><\/p>\n<p>Autres cr\u00e9dits photographiques\u00a0: <strong>aua<\/strong>\/<strong>T<\/strong>, photos libres de droits.<\/p>\n","protected":false},"excerpt":{"rendered":"<p>aua\/T\u00a0: Sylvain ALASSET, Vincent ANCE, Marie BONNIFET, Genevi\u00e8ve BRETAGNE, Yann CABROL, J\u00e9r\u00f4me IONESCO, M\u00e9lanie LE BAS, Florence MIZZI, Morgane PERSET, Yoan THYSSIER, Fr\u00e9d\u00e9ric TOUPIN<\/p>\n","protected":false},"author":3,"featured_media":480,"comment_status":"closed","ping_status":"open","sticky":false,"template":"","format":"standard","meta":[],"categories":[1],"tags":[],"authors":[{"term_id":82,"user_id":0,"is_guest":1,"slug":"auat","display_name":"AUAT"}],"_links":{"self":[{"href":"https:\/\/revue-belveder.org\/index.php\/wp-json\/wp\/v2\/posts\/447"}],"collection":[{"href":"https:\/\/revue-belveder.org\/index.php\/wp-json\/wp\/v2\/posts"}],"about":[{"href":"https:\/\/revue-belveder.org\/index.php\/wp-json\/wp\/v2\/types\/post"}],"author":[{"embeddable":true,"href":"https:\/\/revue-belveder.org\/index.php\/wp-json\/wp\/v2\/users\/3"}],"replies":[{"embeddable":true,"href":"https:\/\/revue-belveder.org\/index.php\/wp-json\/wp\/v2\/comments?post=447"}],"version-history":[{"count":11,"href":"https:\/\/revue-belveder.org\/index.php\/wp-json\/wp\/v2\/posts\/447\/revisions"}],"predecessor-version":[{"id":1669,"href":"https:\/\/revue-belveder.org\/index.php\/wp-json\/wp\/v2\/posts\/447\/revisions\/1669"}],"wp:featuredmedia":[{"embeddable":true,"href":"https:\/\/revue-belveder.org\/index.php\/wp-json\/wp\/v2\/media\/480"}],"wp:attachment":[{"href":"https:\/\/revue-belveder.org\/index.php\/wp-json\/wp\/v2\/media?parent=447"}],"wp:term":[{"taxonomy":"category","embeddable":true,"href":"https:\/\/revue-belveder.org\/index.php\/wp-json\/wp\/v2\/categories?post=447"},{"taxonomy":"post_tag","embeddable":true,"href":"https:\/\/revue-belveder.org\/index.php\/wp-json\/wp\/v2\/tags?post=447"}],"curies":[{"name":"wp","href":"https:\/\/api.w.org\/{rel}","templated":true}]}}