{"id":494,"date":"2017-06-07T11:18:52","date_gmt":"2017-06-07T09:18:52","guid":{"rendered":"http:\/\/lib.aua-toulouse.org\/BelvedeRPlus\/?p=494"},"modified":"2018-02-07T11:37:40","modified_gmt":"2018-02-07T10:37:40","slug":"editorial-2","status":"publish","type":"post","link":"https:\/\/revue-belveder.org\/index.php\/editorial-2\/","title":{"rendered":"\u00c9ditorial N\u00b01"},"content":{"rendered":"<p><a href=\"..\/..\/wp-content\/uploads\/PDF\/N1\/Edito_BelvedeR_n1.pdf\" target=\"_blank\" rel=\"noopener\">T\u00e9l\u00e9chargez l&#8217;article au format PDF<\/a><\/p>\n<p><em><strong>Identit\u00e9s m\u00e9tropolitaines&#8230; <\/strong><\/em><\/p>\n<p><em>Sorti fin d\u00e9cembre 2016, le num\u00e9ro z\u00e9ro de <\/em><strong>Belvede\u042f<\/strong><em> a marqu\u00e9 la r\u00e9alisation de notre projet\u00a0: \u00e9laborer une revue collaborative donnant \u00e0 lire et \u00e0 voir le fait urbain\u2009; une revue s\u2019appuyant sur les ressources partenariales toulousaines, \u00ab\u2009un creuset fond\u00e9 sur la synergie entre les professionnels de la ville, les universitaires et les chercheurs qui trouveront autour de cette revue, nous l\u2019esp\u00e9rons, un espace d\u2019expression et de points de vue crois\u00e9s&#8230;\u2009\u00bb. Ce num\u00e9ro z\u00e9ro, \u00ab\u2009Fait urbain, fait m\u00e9tropolitain\u2009\u00bb, nous a permis de poser le cadre, d\u2019entrevoir la multiplicit\u00e9 des th\u00e9matiques \u00e0 aborder. Pour ce num\u00e9ro\u00a01, nous souhaitons interroger la mani\u00e8re dont se fondent les identit\u00e9s m\u00e9tropolitaines. S\u2019agit-il seulement d\u2019une construction politique, d\u2019un \u00e9l\u00e9ment de diff\u00e9renciation dans un contexte de comp\u00e9titivit\u00e9 entre villes, ou plut\u00f4t d\u2019un r\u00e9cit historique revisit\u00e9, voire m\u00eame invent\u00e9\u2026\u2009? Qu\u2019en pensent les habitants eux-m\u00eames\u2009? De quelle mani\u00e8re les m\u00e9tropolitains qui \u00ab\u2009habitent\u2009\u00bb la ville sont partie prenante de cette identit\u00e9\u2009? Les nouveaux arrivants \u2014 et ils sont particuli\u00e8rement nombreux dans la m\u00e9tropole toulousaine \u2014 portent-ils le m\u00eame regard sur leur territoire de vie que les populations plus anciennement \u00e9tablies\u2009? Existe-t-il vraiment une \u00ab\u2009exigence\u2009\u00bb ou un d\u00e9sir d\u2019appartenance\u2009?<\/em><\/p>\n<p><em><strong>&#8230; entre patrimoine et sentiment d\u2019appartenance<\/strong><\/em><\/p>\n<p><em>Existe-t-il d\u00e9j\u00e0 une identit\u00e9 per\u00e7ue, des identit\u00e9s qui se conjuguent, et quels en sont les marqueurs\u2009? Ville rose, culture \u00ab\u2009sud-ouest\u2009\u00bb, canal du Midi, Airbus&#8230; Au-del\u00e0 des symboles, des \u00e9tendards, des assertions touristiques et des \u00ab\u2009fausses\u2009\u00bb \u00e9vidences, nous essayerons de d\u00e9celer ce qui contribue \u00e0 donner sa personnalit\u00e9 \u00e0 la m\u00e9tropole toulousaine\u2026 et ce que cela nous dit des identit\u00e9s m\u00e9tropolitaines en g\u00e9n\u00e9ral. Incontournable, le patrimoine, au sens large et dans toutes ses composantes, est syst\u00e9matiquement convoqu\u00e9. Partager au quotidien un patrimoine \u2014 b\u00e2ti, paysager, culturel, immat\u00e9riel \u2014 renforcerait le sentiment d\u2019appartenance au territoire. Ce num\u00e9ro est donc aussi l\u2019occasion de s\u2019interroger sur les images et les imaginaires associ\u00e9s \u00e0 la m\u00e9tropole, qu\u2019ils soient porteurs d\u2019identit\u00e9 positive ou n\u00e9gative.<\/em><\/p>\n<p><em>Nous ne ferons pas ici \u00ab\u2009le tour de la question\u2009\u00bb, mais ce num\u00e9ro\u00a01 de <\/em><strong>Belvede\u042f<\/strong><em> en montre l\u2019\u00e9tendue, parle d\u2019architecture, de paysages, de beaux-arts, de couleurs, de culture, de d\u00e9mographie, de migrations, d\u2019histoire, de vie quotidienne\u2026 Diversit\u00e9 des points de vue et croisement des regards\u00a0: ceux de chercheurs, de praticiens et de professionnels qui s\u2019int\u00e9ressent \u00e0 la ville ou participent \u00e0 sa construction, \u00e0 son fonctionnement et \u00e0 sa vitalit\u00e9&#8230; En cela, ce num\u00e9ro r\u00e9pond \u00e0 l\u2019ambition premi\u00e8re de la revue\u00a0: d\u00e9crypter le fait m\u00e9tropolitain dans toute sa richesse et sa complexit\u00e9.<\/em><\/p>\n<p style=\"text-align: right;\"><em><strong>Jean-Marc Mesquida<\/strong><\/em><br \/>\n<span style=\"font-size: 14px;\"><em> Directeur g\u00e9n\u00e9ral de l\u2019<strong>aua<\/strong><span style=\"color: #ff0000;\">\/<\/span><strong>T<\/strong><\/em><\/span><\/p>\n<hr \/>\n<p><strong>Belvede\u042f<\/strong> la revue collaborative\u00a0de l\u2019<strong>aua<\/strong><span style=\"color: #ff0000;\">\/<\/span><strong>Toulouse<\/strong> aire m\u00e9tropolitaine<br \/>\n<strong>Directeur de la publication\u00a0:<\/strong> Jean-Marc Mesquida<br \/>\n<strong>Le Comit\u00e9 de r\u00e9daction partenarial du n\u00b0\u00a01 a associ\u00e9 \u00e0 l\u2019aua\/T\u00a0: <\/strong>Philippe Dugot, Emmanuel Eveno, Marie-Christine Jaillet,\u00a0Jean-Paul Laborie, Robert Marconis, Anne P\u00e9r\u00e9,\u00a0Mariette Sibertin-Blanc<br \/>\n<strong>Secr\u00e9tariat de r\u00e9daction\u00a0:<\/strong> Sylvie Bugueret, Pierre L\u00e9pagnol,\u00a0Florence Mizzi, Morgane Perset<br \/>\n<strong>Conception graphique\u00a0: <\/strong>Fr\u00e9d\u00e9ric Bastier, Christophe Hahusseau<\/p>\n<p><em><img loading=\"lazy\" class=\"alignnone wp-image-492\" src=\"..\/..\/wp-content\/uploads\/2017\/11\/AUAT-court-positif.jpg\" alt=\"\" width=\"130\" height=\"54\" srcset=\"https:\/\/revue-belveder.org\/wp-content\/uploads\/2017\/11\/AUAT-court-positif.jpg 709w, https:\/\/revue-belveder.org\/wp-content\/uploads\/2017\/11\/AUAT-court-positif-300x125.jpg 300w, https:\/\/revue-belveder.org\/wp-content\/uploads\/2017\/11\/AUAT-court-positif-500x208.jpg 500w\" sizes=\"(max-width: 130px) 100vw, 130px\" \/><\/em><br \/>\n<strong>Agence d\u2019urbanisme et d\u2019am\u00e9nagement Toulouse aire m\u00e9tropolitaine<\/strong><br \/>\nLe Belv\u00e9d\u00e8re \u2014 11 bd des R\u00e9collets<br \/>\nCS\u00a097802 \u201431078 Toulouse cedex\u00a04<br \/>\nT\u00e9l. 05\u00a062\u00a026\u00a086\u00a026 &#8211; www.aua-toulouse.org<br \/>\n\u00a9 <strong>aua<\/strong><span style=\"color: #ff0000;\">\/<\/span><strong>T<\/strong> 2017<\/p>\n<p><em>photo mise en avant, \u00a9 D. Dupuis<\/em><\/p>\n","protected":false},"excerpt":{"rendered":"<p>Sorti fin d\u00e9cembre 2016, le num\u00e9ro z\u00e9ro de Belvede\u042f a marqu\u00e9 la r\u00e9alisation de notre projet\u00a0: \u00e9laborer une revue collaborative donnant \u00e0 lire et \u00e0 voir le fait urbain\u2009; une revue s\u2019appuyant sur les ressources partenariales toulousaines, \u00ab\u2009un creuset fond\u00e9 sur la synergie entre les professionnels de la ville, les universitaires et les chercheurs qui trouveront autour de cette revue, nous l\u2019esp\u00e9rons, un espace d\u2019expression et de points de vue crois\u00e9s&#8230;\u2009\u00bb. <\/p>\n","protected":false},"author":3,"featured_media":495,"comment_status":"closed","ping_status":"open","sticky":false,"template":"","format":"standard","meta":[],"categories":[4],"tags":[6],"authors":[{"term_id":82,"user_id":0,"is_guest":1,"slug":"auat","display_name":"AUAT"}],"_links":{"self":[{"href":"https:\/\/revue-belveder.org\/index.php\/wp-json\/wp\/v2\/posts\/494"}],"collection":[{"href":"https:\/\/revue-belveder.org\/index.php\/wp-json\/wp\/v2\/posts"}],"about":[{"href":"https:\/\/revue-belveder.org\/index.php\/wp-json\/wp\/v2\/types\/post"}],"author":[{"embeddable":true,"href":"https:\/\/revue-belveder.org\/index.php\/wp-json\/wp\/v2\/users\/3"}],"replies":[{"embeddable":true,"href":"https:\/\/revue-belveder.org\/index.php\/wp-json\/wp\/v2\/comments?post=494"}],"version-history":[{"count":12,"href":"https:\/\/revue-belveder.org\/index.php\/wp-json\/wp\/v2\/posts\/494\/revisions"}],"predecessor-version":[{"id":1468,"href":"https:\/\/revue-belveder.org\/index.php\/wp-json\/wp\/v2\/posts\/494\/revisions\/1468"}],"wp:featuredmedia":[{"embeddable":true,"href":"https:\/\/revue-belveder.org\/index.php\/wp-json\/wp\/v2\/media\/495"}],"wp:attachment":[{"href":"https:\/\/revue-belveder.org\/index.php\/wp-json\/wp\/v2\/media?parent=494"}],"wp:term":[{"taxonomy":"category","embeddable":true,"href":"https:\/\/revue-belveder.org\/index.php\/wp-json\/wp\/v2\/categories?post=494"},{"taxonomy":"post_tag","embeddable":true,"href":"https:\/\/revue-belveder.org\/index.php\/wp-json\/wp\/v2\/tags?post=494"}],"curies":[{"name":"wp","href":"https:\/\/api.w.org\/{rel}","templated":true}]}}